{"id":1197,"date":"2011-01-02T00:29:08","date_gmt":"2011-01-02T03:29:08","guid":{"rendered":"http:\/\/tedxportoalegre.com.br\/2010\/?p=1197"},"modified":"2014-03-06T12:21:48","modified_gmt":"2014-03-06T15:21:48","slug":"a-cara-do-tedxportoalegre","status":"publish","type":"post","link":"https:\/\/tedxportoalegre.com.br\/2010\/a-cara-do-tedxportoalegre\/","title":{"rendered":"A cara do TEDxPortoAlegre"},"content":{"rendered":"<p style=\"text-align: justify;\">Neste primeiro post de 2011, publicamos o trabalho do fot\u00f3grafo Tiago Coelho. Ele montou um mosaico de retratos de participantes do TEDxPortoAlegre buscando mostrar alguns dos diferentes perfis e p\u00fablicos presentes no evento. Certos rostos j\u00e1 s\u00e3o bem conhecidos, mas e os outros? Conhece algum deles? Voc\u00ea est\u00e1 ali? Deixe seu coment\u00e1rio e nos ajude a descobrir quem \u00e9 quem!<\/p>\n<p><br class=\"spacer_\" \/><\/p>\n<p>&lt;<\/p>\n<p>p style=&#8221;text-align: center;&#8221;><a href=\"https:\/\/i0.wp.com\/tedxportoalegre.com.br\/2010\/wp-content\/uploads\/2011\/01\/tiago-coelho.jpg\"><img data-recalc-dims=\"1\" loading=\"lazy\" decoding=\"async\" data-attachment-id=\"1198\" data-permalink=\"https:\/\/tedxportoalegre.com.br\/2010\/a-cara-do-tedxportoalegre\/tiago-coelho\/\" data-orig-file=\"https:\/\/i0.wp.com\/tedxportoalegre.com.br\/2010\/wp-content\/uploads\/2011\/01\/tiago-coelho.jpg?fit=932%2C700&amp;ssl=1\" data-orig-size=\"932,700\" data-comments-opened=\"1\" data-image-meta=\"{&quot;aperture&quot;:&quot;0&quot;,&quot;credit&quot;:&quot;&quot;,&quot;camera&quot;:&quot;&quot;,&quot;caption&quot;:&quot;&quot;,&quot;created_timestamp&quot;:&quot;0&quot;,&quot;copyright&quot;:&quot;&quot;,&quot;focal_length&quot;:&quot;0&quot;,&quot;iso&quot;:&quot;0&quot;,&quot;shutter_speed&quot;:&quot;0&quot;,&quot;title&quot;:&quot;&quot;}\" data-image-title=\"A_cara_do_TEDxPortoAlegre\" data-image-description=\"\" data-image-caption=\"\" data-large-file=\"https:\/\/i0.wp.com\/tedxportoalegre.com.br\/2010\/wp-content\/uploads\/2011\/01\/tiago-coelho.jpg?fit=640%2C481&amp;ssl=1\" class=\"aligncenter size-full wp-image-1198\" title=\"A cara do TEDxPortoAlegre\" src=\"https:\/\/i0.wp.com\/tedxportoalegre.com.br\/2010\/wp-content\/uploads\/2011\/01\/tiago-coelho.jpg?resize=559%2C420\" alt=\"\" width=\"559\" height=\"420\" srcset=\"https:\/\/i0.wp.com\/tedxportoalegre.com.br\/2010\/wp-content\/uploads\/2011\/01\/tiago-coelho.jpg?w=932&amp;ssl=1 932w, https:\/\/i0.wp.com\/tedxportoalegre.com.br\/2010\/wp-content\/uploads\/2011\/01\/tiago-coelho.jpg?resize=300%2C225&amp;ssl=1 300w\" sizes=\"auto, (max-width: 559px) 100vw, 559px\" \/><\/a><\/p>\n","protected":false},"excerpt":{"rendered":"<p>Parte 3.<\/p>\n","protected":false},"author":1,"featured_media":0,"comment_status":"open","ping_status":"open","sticky":false,"template":"","format":"standard","meta":{"advanced_seo_description":"","jetpack_seo_html_title":"","jetpack_seo_noindex":false,"jetpack_post_was_ever_published":false,"_jetpack_newsletter_access":"","_jetpack_dont_email_post_to_subs":false,"_jetpack_newsletter_tier_id":0,"_jetpack_memberships_contains_paywalled_content":false,"_jetpack_memberships_contains_paid_content":false,"footnotes":""},"categories":[10,6],"tags":[],"class_list":["post-1197","post","type-post","status-publish","format-standard","hentry","category-fotos-e-videos","category-tedxportoalegre"],"jetpack_featured_media_url":"","jetpack_sharing_enabled":true,"jetpack_shortlink":"https:\/\/wp.me\/p2Pi7i-jj","jetpack_likes_enabled":true,"jetpack-related-posts":[],"_links":{"self":[{"href":"https:\/\/tedxportoalegre.com.br\/2010\/wp-json\/wp\/v2\/posts\/1197","targetHints":{"allow":["GET"]}}],"collection":[{"href":"https:\/\/tedxportoalegre.com.br\/2010\/wp-json\/wp\/v2\/posts"}],"about":[{"href":"https:\/\/tedxportoalegre.com.br\/2010\/wp-json\/wp\/v2\/types\/post"}],"author":[{"embeddable":true,"href":"https:\/\/tedxportoalegre.com.br\/2010\/wp-json\/wp\/v2\/users\/1"}],"replies":[{"embeddable":true,"href":"https:\/\/tedxportoalegre.com.br\/2010\/wp-json\/wp\/v2\/comments?post=1197"}],"version-history":[{"count":9,"href":"https:\/\/tedxportoalegre.com.br\/2010\/wp-json\/wp\/v2\/posts\/1197\/revisions"}],"predecessor-version":[{"id":17352,"href":"https:\/\/tedxportoalegre.com.br\/2010\/wp-json\/wp\/v2\/posts\/1197\/revisions\/17352"}],"wp:attachment":[{"href":"https:\/\/tedxportoalegre.com.br\/2010\/wp-json\/wp\/v2\/media?parent=1197"}],"wp:term":[{"taxonomy":"category","embeddable":true,"href":"https:\/\/tedxportoalegre.com.br\/2010\/wp-json\/wp\/v2\/categories?post=1197"},{"taxonomy":"post_tag","embeddable":true,"href":"https:\/\/tedxportoalegre.com.br\/2010\/wp-json\/wp\/v2\/tags?post=1197"}],"curies":[{"name":"wp","href":"https:\/\/api.w.org\/{rel}","templated":true}]}}